{"id":18456,"date":"2026-04-29T13:41:35","date_gmt":"2026-04-29T12:41:35","guid":{"rendered":"https:\/\/pyber.nl\/?p=18456"},"modified":"2026-03-20T21:56:25","modified_gmt":"2026-03-20T20:56:25","slug":"gaya-casa-frente-mar-en-mallorca-6-personas-con-2","status":"publish","type":"post","link":"https:\/\/pyber.nl\/?p=18456","title":{"rendered":"Gaya Casa frente Mar en Mallorca 6 personas con Terraza y vistas"},"content":{"rendered":"<div id=\"toc\" style=\"background: #f9f9f9;border: 1px solid #aaa;display: table;margin-bottom: 1em;padding: 1em;width: 350px;\">\n<p class=\"toctitle\" style=\"font-weight: 700;text-align: center;\">Content<\/p>\n<ul class=\"toc_list\">\n<li><a href=\"#toc-1\">C\u00f3mo elegir un buen day pass y disfrutar un d\u00eda en un hotel<\/a><\/li>\n<li><a href=\"#toc-2\">Los espacios protegidos de las islas retoman hoy la actividad educativa<\/a><\/li>\n<li><a href=\"#toc-3\">marzo<\/a><\/li>\n<\/ul>\n<\/div>\n<p>Una vez llegados a Dei\u00e0 el itinerario se suaviza y por caminos tradicionales llegamos al refugio de Muleta, emplazado junto al faro de Puerto S\u00f3ller. Los pueblos de la sierra son indiscutiblemente preciosos y si no los conoc\u00e9is, ten\u00e9is que ir sin duda alguna! Pero pueblos marineros como Portocolom, el puerto de Cala Figuera, o Sant Telmo en el otro extremo de la isla, tambi\u00e9n merecen una visita. O por ejemplo, otro buen plan es recorrer las calles de alg\u00fan otro pueblo \u201ccazando\u201d sus preciosos murales, como pasa en Can Picafort o en Porreres. Hay que recordar que es el segundo faro m\u00e1s antiguo de Espa\u00f1a (tras la Torre de H\u00e9rcules en Galicia) y el tercero del mundo\u2026 El faro de Formentor tambi\u00e9n es de visita obligada o el faro de Cabo Blanco, es de los lugares m\u00e1s especiales de nuestra costa. El hotel boutiquePetit Ma\u00f3 (hotelpetitmao.com) condensa sencillez y encanto con vocaci\u00f3n sostenible.<\/p>\n<p>En cuanto al desnivel de la etapa, como puede apreciarse en el gr\u00e1fico adjunto, en aproximadamente dos horas y media de ruta hay \u00fanicamente 4&nbsp;elevaciones de entre 45 \u2013 70 metros de desnivel. \u00c9ste nos llevar\u00e1 directamente a la playa que lleva el mismo nombre y donde, a pesar de haber transcurrido pr\u00e1cticamente media etapa, empezar\u00e1 nuestro contacto con el aut\u00e9ntico Cam\u00ed de Cavalls. A partir de ah\u00ed, dejando la central t\u00e9rmica a nuestra derecha y circulando por la carretera el mundo se acaba y \u00a1\u00a1el arc\u00e9n desaparece!!.<\/p>\n<h2 id=\"toc-0\">Inicia sesi\u00f3n<\/h2>\n<p>Tambi\u00e9n ese d\u00eda, de 9.30 a 16 horas en la Finca P\u00fablica y Centro de Interpretaci\u00f3n de Can Marroig, habr\u00e1 una jornada de puertas abiertas y paradas informativas a cargo de del Ibanat y del Parque Natural de ses Salines. El Consell de Formentera llevar\u00e1 a cabo, desde el 6 al 20 de junio, la actividad \u2018Buceando con Posi\u2019 para celebrar el D\u00eda Internacional del Medio Ambiente el 5 de junio. El organismo insular aclara en un comunicado que se trata de una iniciativa dirigida a los colegios de la isla y cuyo objetivo es concienciar a los m\u00e1s peque\u00f1os sobre el respeto al medio ambiente marino. La iglesia de Santa Mar\u00eda, del siglo XVIII, se impone entre la plaza de la Conquista y la de la Constituci\u00f3n, donde la presencia del ayuntamiento la hace muy transitada. Por las calles colindantes fluye la vida del Mah\u00f3n m\u00e1s natural, que permite descubrir huellas del pasado ingl\u00e9s en los balcones acristalados de algunos edificios y en el que conviene prestar atenci\u00f3n al&nbsp;Teatro Principal (el m\u00e1s antiguo de Espa\u00f1a, de 1829) y a la casa-museo Can\u2018 Oliver (de 1805).<\/p>\n<h3 id=\"toc-1\">C\u00f3mo elegir un buen day pass y disfrutar un d\u00eda en un hotel<\/h3>\n<ul>\n<li>A esto, Vidal ha apuntado que \u00ablos ciudadanos conocen los refugios, conocen estas instalaciones, pero no tienen por qu\u00e9 saber qui\u00e9n los gestiona, y en esta web encontrar\u00e1n la informaci\u00f3n para poder hacer las reservas, de manera ordenada y centralizada\u00bb.<\/li>\n<li>Para iniciar la ruta, bordearemos el puerto dej\u00e1ndolo a nuestra derecha y siguiendo las se\u00f1ales del GR en farolas y se\u00f1ales de tr\u00e1fico.<\/li>\n<li>El tercer webinario se dedica al uso p\u00fablico en las \u00e1reas marinas protegidas.<\/li>\n<li>Un lugar perfecto para perderse dando un paseo en bicicleta o haciendo una caminata.<\/li>\n<li>Hay un mont\u00f3n de aparcamiento gratuito en el norte y suroestede entradas y centro de informaci\u00f3n en la entrada norte.<\/li>\n<\/ul>\n<p>Como sucede en otras poblaciones baleares, la zona est\u00e1 habitada desde la prehistoria. Todav\u00eda se conservan algunos vestigios de antiguas ciudades romanas, adem\u00e1s de fortalezas, murallas de la Edad Media y edificios cargados de historia. Entre la flora y la fauna que se analiza se encuentran invertebrados&nbsp;marinos, anfibios y reptiles,&nbsp;flora amenazada,&nbsp;aves&nbsp;del&nbsp;mundo rural,&nbsp;aves&nbsp;rapaces&nbsp;y un&nbsp;escarabajo&nbsp;end\u00e9mico&nbsp;de Formentera. Alquileres Drac ofrece villas, chalets, casas y alojamientos vacacionales ubicadas muy cerca de esta maravillosas playas.<\/p>\n<h2 id=\"toc-2\">Los espacios protegidos de las islas retoman hoy la actividad educativa<\/h2>\n<p>El nuevo parque contar\u00e1 con once zonas de elevado valor ambiental como las playas de Cala Agulla, Cala Torta o Cala Mesquida. El parque natural del Llevant multiplicar\u00e1 por diez sus l\u00edmites actuales y pasar\u00e1 a ser el m\u00e1s extenso de Mallorca y el m\u00e1s amplio de Balears si solo se tiene en cuenta la superficie terrestre protegida. As\u00ed lo han aprobado el Consell de Govern y la redacci\u00f3n del Plan de Ordenaci\u00f3n de los Recursos Naturales (PORN) que definir\u00e1 la gesti\u00f3n de la nueva extensi\u00f3n protegida. Tal y como comentamos en el post anterior sobre el GR-223, el n\u00famero de hitos ir\u00e1 en funci\u00f3n de la morfolog\u00eda del terreno y no de la longitud de la etapa que estemos realizando. Una vez finalizado el GR por&nbsp;terreno r\u00fastico, tendr\u00e1s que abordar los \u00faltimos 760m de&nbsp;asfalto para llegar al final de etapa.<\/p>\n<p>Imposible visitar la villa de Alcudia y no acercarse al Puerto de Alcudia, o Port d\u2019Alc\u00fadia en mallorqu\u00edn. Se encuentra a dos kil\u00f3metros del <a href=\"balearsnatura.com\">balearsnatura.com<\/a> centro de la ciudad, en la Bah\u00eda de Alcudia, y es un lugar de lo m\u00e1s tur\u00edstico. De hecho sus puertos se hallan entre los m\u00e1s importantes de la isla, contando con m\u00e1s de 750 amarres. Junto a sus hermosas calas, su calma imperecedera y su rica oferta cultural y hotelera, la joya balear cobija una colecci\ufffdn de oasis naturales inexcusables. La excursi\u00f3n a Ses Fonts Ufanes es una de las m\u00e1s populares de Mallorca en cualquier momento del a\u00f1o, aunque no cabe duda de que hay mayor afluencia tras lluvias en la isla, ya que es cuando la fuente natural comienza a emanar agua y crea un espect\u00e1culo digno de ver.<\/p>\n<p>Lo cierto es que, adem\u00e1s de bonita, es una excursi\u00f3n bastante sencilla a trav\u00e9s de bosque que tambi\u00e9n se puede realizar acompa\u00f1ado de ni\u00f1os peque\u00f1os. Es corta, de 2.9 km en total, y se tarda alrededor de unos 20 minutos en llegar a ella y otros 20 de bajada (no se utiliza el mismo camino para volver). Ses Fonts Ufanes, declaradas Monumento Natural desde el 2001, se encuentran en Campanet, un precioso pueblo situado en el noreste de la isla de Mallorca. Dicho pueblo se encuentra tambi\u00e9n cerca de otros conocidos como Sa Pobla, Inca o Selva.<\/p>\n<p>En el mismo t\u00e9rmino municipal de Mah\u00f3n se encuentra el Parque Natural de S\u00b4Albufera des Grau (ca.balearsnatura.com), que abarca una laguna, la isla de Colom y el cabo de Favaritx. M\u00e1s de cinco mil hect\u00e1reas protegidas en las que se concentran cinco reservas naturales. Un espacio privilegiado de la Biosfera que alterna zonas h\u00famedas, terrenos agr\u00edcolas, bosques y un litoral de playas e islotes a todas luces deslumbrante. La recolecta de sal en este territorio se lleva practicando desde hace milenios. A trav\u00e9s de un canal, las aguas mediterr\u00e1neas de la playa de Es Trenc, id\u00f3neas para la fabricaci\u00f3n natural de cloruro s\u00f3dico, nutren este para\u00edso para las aves, raro ejemplo de c\u00f3mo la acci\u00f3n humana puede generar ecosistemas tan valiosos como dignos de protecci\u00f3n.<\/p>\n<p>Los cuatro autores han recopilado 99 especies en este documento, que forma parte de un art\u00edculo m\u00e1s extenso. En \u00e9l aparecen 20 especies nuevas para la Reserva Natural de s\u2019Albufereta y 12 son nuevas citaciones para las Illes Balears. Por su parte, TRAGSA ofrece 24 plazas en el refugio del Parque Nacional de Cabrera. Admirar el pasado arqueol\u00f3gico de la isla, tanto visitando los restos romanos de Pollentia, la necr\u00f3polis de la Finca Son Real, o los talaiots de Capocorp Vell.<\/p>\n<p>Para continuar con tu reserva \t\t\t\t\tes necesario que antes valides tu cuenta con el enlace que hemos enviado a tu correo electr\u00f3nico. Si tienes o has tenido una cuenta con Gu\u00eda Repsol, Waylet o la web de Repsol, trata de iniciar sesi\u00f3n con los mismos datos. Si tienes una cuenta en cualquiera de ellas, tienes una cuenta \u00fanica de Repsol.<\/p>\n<p>Las salinas de Levante se renovaron en los a\u00f1os 40 y 50 y desde entonces han seguido usando t\u00e9cnicas tradicionales. La materia prima contin\u00faa siendo el agua de mar y las fuentes de energ\u00eda principales son el sol y el viento. En Menorca, el Parque Natural S\u2019Albufera des Grau, est\u00e1 considerado como uno de los m\u00e1s parques naturales m\u00e1s espectaculares de todo el archipi\u00e9lago. Sus bosques de acebuches, humedales y playas dunares son lugar de acogida para un gran n\u00famero de aves, aves que se pueden admirar en los distintos puntos de observaci\u00f3n en cualquiera de las tres rutas que lo recorren. Algunas llegan en estaciones concretas pero durante todo el a\u00f1o se puede ver el milano real, el \u00e1guila pescadora, la garcilla bueyera, el somormujo lavanco y la curruca cabecinegra. El conseller de Medio Ambiente, Miquel Mir ha explicado que el parque natural del Llevant es la \u00fanica zona de Mallorca donde vive y nidifica la &#8216;miloca&#8217;, una especie exclusiva de Menorca, isla con la que el Llevant de Mallorca comparte parte de la biodiversidad.<\/p>\n","protected":false},"excerpt":{"rendered":"<p>Content C\u00f3mo elegir un buen day pass y disfrutar un d\u00eda en un hotel Los espacios protegidos de las islas retoman hoy la actividad educativa marzo Una vez llegados a Dei\u00e0 el itinerario se suaviza y por caminos tradicionales llegamos al refugio de Muleta, emplazado junto al faro de Puerto S\u00f3ller. Los pueblos de la<br \/><a href=\"https:\/\/pyber.nl\/?p=18456\" class=\"more\">Read more<\/a><\/p>\n","protected":false},"author":3,"featured_media":0,"comment_status":"closed","ping_status":"closed","sticky":false,"template":"","format":"standard","meta":{"footnotes":""},"categories":[220],"tags":[],"class_list":["post-18456","post","type-post","status-publish","format-standard","hentry","category-balearsnatura-com"],"_links":{"self":[{"href":"https:\/\/pyber.nl\/index.php?rest_route=\/wp\/v2\/posts\/18456","targetHints":{"allow":["GET"]}}],"collection":[{"href":"https:\/\/pyber.nl\/index.php?rest_route=\/wp\/v2\/posts"}],"about":[{"href":"https:\/\/pyber.nl\/index.php?rest_route=\/wp\/v2\/types\/post"}],"author":[{"embeddable":true,"href":"https:\/\/pyber.nl\/index.php?rest_route=\/wp\/v2\/users\/3"}],"replies":[{"embeddable":true,"href":"https:\/\/pyber.nl\/index.php?rest_route=%2Fwp%2Fv2%2Fcomments&post=18456"}],"version-history":[{"count":1,"href":"https:\/\/pyber.nl\/index.php?rest_route=\/wp\/v2\/posts\/18456\/revisions"}],"predecessor-version":[{"id":18457,"href":"https:\/\/pyber.nl\/index.php?rest_route=\/wp\/v2\/posts\/18456\/revisions\/18457"}],"wp:attachment":[{"href":"https:\/\/pyber.nl\/index.php?rest_route=%2Fwp%2Fv2%2Fmedia&parent=18456"}],"wp:term":[{"taxonomy":"category","embeddable":true,"href":"https:\/\/pyber.nl\/index.php?rest_route=%2Fwp%2Fv2%2Fcategories&post=18456"},{"taxonomy":"post_tag","embeddable":true,"href":"https:\/\/pyber.nl\/index.php?rest_route=%2Fwp%2Fv2%2Ftags&post=18456"}],"curies":[{"name":"wp","href":"https:\/\/api.w.org\/{rel}","templated":true}]}}